{"id":7050,"date":"2025-05-16T10:24:28","date_gmt":"2025-05-16T10:24:28","guid":{"rendered":"https:\/\/b-close.be\/?p=7050"},"modified":"2025-12-23T13:02:31","modified_gmt":"2025-12-23T13:02:31","slug":"44-ans-de-chariot-elevateur-levolution-du-metier-vu-par-un-professionnel","status":"publish","type":"post","link":"https:\/\/b-close.be\/fr\/44-ans-de-chariot-elevateur-levolution-du-metier-vu-par-un-professionnel\/","title":{"rendered":"44 ans de chariot \u00e9l\u00e9vateur : l\u2019\u00e9volution du m\u00e9tier vu par un professionnel"},"content":{"rendered":"<div class=\"wpb-content-wrapper\"><p>[vc_row][vc_column][vc_column_text css=\u00a0\u00bb\u00a0\u00bb]Le m\u00e9tier de cariste a beaucoup \u00e9volu\u00e9. Alors qu&rsquo;il s&rsquo;agissait autrefois principalement d&rsquo;efforts physiques, aujourd&rsquo;hui la technologie, la perspicacit\u00e9 et la s\u00e9curit\u00e9 jouent un r\u00f4le beaucoup plus important. Dans notre vid\u00e9o \u00e0 l\u2019occasion de la Journ\u00e9e du cariste, nous pr\u00e9sentons un homme qui a tout vu : G\u00e9rard, un conducteur de chariot \u00e9l\u00e9vateur qui compte pr\u00e8s de 44 ans d&rsquo;exp\u00e9rience. Son histoire montre combien la profession a chang\u00e9 &#8211; et pourquoi le respect et la reconnaissance envers ces professionnels sont plus importants que jamais.<\/p>\n<h2>De la m\u00e9canique \u00e0 la technologie<\/h2>\n<p>G\u00e9rard se souvient parfaitement de sa premi\u00e8re journ\u00e9e de travail : \u00ab Quand j&rsquo;ai commenc\u00e9, on m&rsquo;a donn\u00e9 les cl\u00e9s et j&rsquo;ai d\u00fb me d\u00e9brouiller tout seul. \u00bb Les engins \u00e9taient lourds et bruyants, et tout se faisait au feeling : conduire, soulever, charger &#8211; sans beaucoup d&rsquo;outils suppl\u00e9mentaires. \u00ab \u00c0 l&rsquo;\u00e9poque, nous op\u00e9rions \u00e0 l\u2019instinct. Il n&rsquo;y avait pas de signaux d&rsquo;avertissement, pas de syst\u00e8mes automatiques. \u00bb<br \/>\nBeaucoup de choses ont chang\u00e9 depuis. Alors qu&rsquo;il s&rsquo;agissait auparavant de force physique, on a recours aujourd&rsquo;hui \u00e0 plus de pr\u00e9cision, de concentration et d&rsquo;utilisation pr\u00e9cise de la technologie. \u00ab J&rsquo;ai moins mal au dos. Et je suis plus calme. \u00bb Cette am\u00e9lioration n&rsquo;est pas le fruit du hasard. En 2023, 73 % des chariots \u00e9l\u00e9vateurs vendus en Belgique \u00e9taient d\u00e9j\u00e0 \u00e9lectriques &#8211; une \u00e9volution \u00e9vidente vers des machines plus silencieuses, plus efficaces et plus confortables.<br \/>\nG\u00e9rard voit \u00e9galement la diff\u00e9rence dans l&rsquo;atelier : les tableaux de bord num\u00e9riques, les si\u00e8ges ergonomiques et le monitoring de la batterie font que le travail est moins stressant, mais requi\u00e8re plus de perspicacit\u00e9.<\/p>\n<h2>La s\u00e9curit\u00e9 est int\u00e9gr\u00e9e<\/h2>\n<p>En termes de s\u00e9curit\u00e9, la diff\u00e9rence est flagrante. \u00ab Avant, vous ne pouviez compter que sur vous-m\u00eame. Maintenant, le camion vous aide. \u00bb Gr\u00e2ce aux capteurs, aux limiteurs de vitesse automatiques et aux syst\u00e8mes de cam\u00e9ras, le risque d&rsquo;erreur est moindre, et le travail plus pos\u00e9.<br \/>\nNon seulement la technologie a chang\u00e9, mais la culture sur le lieu de travail a \u00e9galement \u00e9volu\u00e9. \u00ab Nous avons moins d&rsquo;incidents ici. La r\u00e9glementation est plus stricte. On se sent soutenu. \u00bb Alors que la s\u00e9curit\u00e9 d\u00e9pendait autrefois de l&rsquo;exp\u00e9rience et du bon sens, elle est aujourd&rsquo;hui int\u00e9gr\u00e9e \u00e0 chaque geste.<\/p>\n<h2>Une profession en mutation et sous pression<\/h2>\n<p>Pourtant, la profession de cariste figure toujours sur la liste des m\u00e9tiers en p\u00e9nurie. Les entreprises peinent \u00e0 trouver le personnel ad\u00e9quat, alors que les besoins en logistique ne cessent de cro\u00eetre. G\u00e9rard comprend cette situation. \u00ab Beaucoup de gens ne se rendent pas compte de notre contribution. Mais sans nous, rien ne bouge. \u00bb<br \/>\nFormer et attirer suffisamment de personnel dans le domaine reste un d\u00e9fi. L&rsquo;ancienne image &#8211; celle d&rsquo;un travail lourd et r\u00e9p\u00e9titif &#8211; est encore tr\u00e8s pr\u00e9sente. Mais cette vision ne refl\u00e8te plus la r\u00e9alit\u00e9 depuis longtemps. Gr\u00e2ce aux technologies modernes, \u00e0 une meilleure ergonomie et \u00e0 une formation professionnelle, ce m\u00e9tier est devenu une profession avec des perspectives d&rsquo;avenir. Et avec de l&rsquo;impact.<\/p>\n<h2>La fiert\u00e9 demeure<\/h2>\n<p>Pr\u00e8s de 44 ans plus tard, G\u00e9rard est toujours fier de ce qu&rsquo;il fait. \u00ab On ne re\u00e7oit pas toujours des compliments pour son travail. Mais sans nous, la logistique est \u00e0 l&rsquo;arr\u00eat. \u00bb Il a vu la profession \u00e9voluer, mais sa fiert\u00e9 est rest\u00e9e. Ce qu&rsquo;il aimerait transmettre aux jeunes conducteurs ? \u00ab Faites-le avec fiert\u00e9. Et n&rsquo;ayez pas peur d&rsquo;apprendre. \u00bb<br \/>\nPour lui, la <strong>Journ\u00e9e du cariste du 8 mai <\/strong>arrive \u00e0 point nomm\u00e9. \u00ab Je vais bient\u00f4t prendre ma retraite. Mais je suis fier d&rsquo;avoir accompli ce travail. Mettez vos conducteurs sous les feux de la rampe. C&rsquo;est mieux de le faire de temps en temps. \u00bb<\/p>\n<h2>Reconnaissance le 8 mai<\/h2>\n<p>C&rsquo;est pourquoi B-CLOSE invite chaque ann\u00e9e les entreprises \u00e0 marquer leur reconnaissance pour ces personnes qui rendent notre logistique possible le 8 mai, Journ\u00e9e du cariste. Avec une fleur, une carte, une accolade ou simplement un sinc\u00e8re remerciement.<br \/>\nParce que la profession a \u00e9volu\u00e9. Les conditions de travail se sont am\u00e9lior\u00e9es. Mais une chose reste inchang\u00e9e : sans les caristes, rien ne fonctionne.[\/vc_column_text][\/vc_column][\/vc_row][vc_row][vc_column][vc_video link=\u00a0\u00bbhttps:\/\/www.youtube.com\/watch?v=lL7Kop6P6VU\u00a0\u00bb align=\u00a0\u00bbcenter\u00a0\u00bb][\/vc_column][\/vc_row][vc_row][vc_column width=\u00a0\u00bb1\/4&Prime;][vc_single_image image=\u00a0\u00bb7044&Prime; img_size=\u00a0\u00bbmedium\u00a0\u00bb alignment=\u00a0\u00bbcenter\u00a0\u00bb css=\u00a0\u00bb\u00a0\u00bb][\/vc_column][vc_column width=\u00a0\u00bb1\/4&Prime;][vc_single_image image=\u00a0\u00bb7042&Prime; img_size=\u00a0\u00bbmedium\u00a0\u00bb alignment=\u00a0\u00bbcenter\u00a0\u00bb css=\u00a0\u00bb\u00a0\u00bb][\/vc_column][vc_column width=\u00a0\u00bb1\/4&Prime;][vc_single_image image=\u00a0\u00bb7040&Prime; img_size=\u00a0\u00bbmedium\u00a0\u00bb alignment=\u00a0\u00bbcenter\u00a0\u00bb css=\u00a0\u00bb\u00a0\u00bb][\/vc_column][vc_column width=\u00a0\u00bb1\/4&Prime;][vc_single_image image=\u00a0\u00bb7038&Prime; img_size=\u00a0\u00bbmedium\u00a0\u00bb alignment=\u00a0\u00bbcenter\u00a0\u00bb css=\u00a0\u00bb\u00a0\u00bb][\/vc_column][\/vc_row]<\/p>\n<\/div>","protected":false},"excerpt":{"rendered":"<p>[vc_row][vc_column][vc_column_text css=\u00a0\u00bb\u00a0\u00bb]Le m\u00e9tier de cariste a beaucoup \u00e9volu\u00e9. Alors qu&rsquo;il s&rsquo;agissait autrefois principalement d&rsquo;efforts physiques, aujourd&rsquo;hui la technologie, la perspicacit\u00e9 et la s\u00e9curit\u00e9 jouent un r\u00f4le beaucoup plus important. Dans notre vid\u00e9o \u00e0 l\u2019occasion de la Journ\u00e9e du cariste, nous pr\u00e9sentons un homme qui a tout vu : G\u00e9rard, un conducteur de chariot \u00e9l\u00e9vateur qui [&hellip;]<\/p>\n","protected":false},"author":1,"featured_media":7047,"comment_status":"closed","ping_status":"closed","sticky":false,"template":"","format":"standard","meta":{"_acf_changed":false,"footnotes":""},"categories":[117],"tags":[],"class_list":["post-7050","post","type-post","status-publish","format-standard","has-post-thumbnail","hentry","category-blog-fr"],"acf":[],"_links":{"self":[{"href":"https:\/\/b-close.be\/fr\/wp-json\/wp\/v2\/posts\/7050","targetHints":{"allow":["GET"]}}],"collection":[{"href":"https:\/\/b-close.be\/fr\/wp-json\/wp\/v2\/posts"}],"about":[{"href":"https:\/\/b-close.be\/fr\/wp-json\/wp\/v2\/types\/post"}],"author":[{"embeddable":true,"href":"https:\/\/b-close.be\/fr\/wp-json\/wp\/v2\/users\/1"}],"replies":[{"embeddable":true,"href":"https:\/\/b-close.be\/fr\/wp-json\/wp\/v2\/comments?post=7050"}],"version-history":[{"count":2,"href":"https:\/\/b-close.be\/fr\/wp-json\/wp\/v2\/posts\/7050\/revisions"}],"predecessor-version":[{"id":7052,"href":"https:\/\/b-close.be\/fr\/wp-json\/wp\/v2\/posts\/7050\/revisions\/7052"}],"wp:featuredmedia":[{"embeddable":true,"href":"https:\/\/b-close.be\/fr\/wp-json\/wp\/v2\/media\/7047"}],"wp:attachment":[{"href":"https:\/\/b-close.be\/fr\/wp-json\/wp\/v2\/media?parent=7050"}],"wp:term":[{"taxonomy":"category","embeddable":true,"href":"https:\/\/b-close.be\/fr\/wp-json\/wp\/v2\/categories?post=7050"},{"taxonomy":"post_tag","embeddable":true,"href":"https:\/\/b-close.be\/fr\/wp-json\/wp\/v2\/tags?post=7050"}],"curies":[{"name":"wp","href":"https:\/\/api.w.org\/{rel}","templated":true}]}}