{"id":2116,"date":"2019-05-08T09:32:21","date_gmt":"2019-05-08T09:32:21","guid":{"rendered":"https:\/\/b-close.be\/2019\/05\/08\/sous-estime-le-cariste-a-droit-a-sa-journee-nationale\/"},"modified":"2025-12-23T13:03:33","modified_gmt":"2025-12-23T13:03:33","slug":"sous-estime-le-cariste-a-droit-a-sa-journee-nationale","status":"publish","type":"post","link":"https:\/\/b-close.be\/fr\/sous-estime-le-cariste-a-droit-a-sa-journee-nationale\/","title":{"rendered":"Sous-estim\u00e9, le cariste a droit \u00e0 sa journ\u00e9e nationale"},"content":{"rendered":"<div class=\"wpb-content-wrapper\"><p>[vc_row][vc_column][vc_column_text]<strong>Bruxelles, le 6<\/strong><strong> mai 2019 \u2013 Ces derni\u00e8res ann\u00e9es, le nombre d\u2019accidents impliquant des chariots \u00e9l\u00e9vateurs va croissant dans notre pays avec, dans certains cas m\u00eame, une issue fatale. Parall\u00e8lement, il y a actuellement plus de 2000 emplois vacants pour les postes de conducteur de chariot \u00e9l\u00e9vateur. Les caristes exercent un beau m\u00e9tier, mais qui est parfois p\u00e9nible et dangereux, et doubl\u00e9 de nombreuses responsabilit\u00e9s. C\u2019est pourquoi il est crucial de d\u00e9livrer une formation de qualit\u00e9 pour les caristes. Pour attirer l\u2019attention sur l\u2019attractivit\u00e9 de cette profession ainsi que sur l\u2019importance d\u2019une bonne formation des nouveaux conducteurs, le sp\u00e9cialiste belge du chariot \u00e9l\u00e9vateur B-CLOSE a proclam\u00e9 le 8 mai Journ\u00e9e du cariste.<\/strong><\/p>\n<p>&nbsp;<\/p>\n<h2 class=\"post-title\">Un impact sur chaque consommateur<\/h2>\n<p>Il ressort des chiffres de la Fedris (l\u2019Agence f\u00e9d\u00e9rale des risques professionnels) que le nombre d\u2019accidents avec des chariots \u00e9l\u00e9vateurs est pass\u00e9 de 3230 en 2014 \u00e0 3438 en 2016. Le dernier rapport annuel de la Fedris a montr\u00e9 par ailleurs que le nombre d\u2019accidents du travail avec des \u00ab\u00a0syst\u00e8mes ouverts ou ferm\u00e9s de transport et d\u2019entreposage\u00a0\u00bb \u2013 dont font partie les engins de manutention tels que les chariots \u00e9l\u00e9vateurs et les transpalettes \u2013, a augment\u00e9 de 10.962 en 2015 \u00e0 12.067 en 2017 \u2013 soit une hausse de 10\u00a0%. Une \u00e9tude du prestataire de services HR ASAP.be a montr\u00e9 que 80\u00a0% des accidents sont imputables au comportement de conduite. Les principales causes sont une formation d\u00e9ficiente ou insuffisante du conducteur et le caract\u00e8re \u00e0 risque de ce travail.<\/p>\n<p>Le m\u00e9tier de cariste s\u2019accompagne de stress et de risques qui peuvent causer des accidents de travail. \u00ab\u00a0Les caristes exercent un job stressant. Ils doivent respecter des \u00e9ch\u00e9ances quotidiennes dans des environnements agit\u00e9s\u00a0\u00bb, explique Kurt Boudt, Marketing Manager chez B-CLOSE. Avec plus de 2000 postes vacants, il y a un \u00e9norme besoin de caristes qualifi\u00e9s dans notre pays. \u00ab\u00a0C\u2019est pourtant un travail fantastique qui a un impact sur chaque consommateur. Chaque produit vendu et \u00e9chang\u00e9 quelque part au-dessus d\u2019un comptoir est en fin de compte arriv\u00e9 \u00e0 destination gr\u00e2ce \u00e0 un chariot \u00e9l\u00e9vateur, qu\u2019il s\u2019agisse de mati\u00e8res premi\u00e8res brutes, de produits semi-finis ou de la derni\u00e8re paire de chaussures que vous avez achet\u00e9e en ligne.\u00a0\u00bb<\/p>\n<p>&nbsp;<\/p>\n<h2 class=\"post-title\">8 mai\u00a0: Journ\u00e9e du cariste<\/h2>\n<p>Comme le travail des caristes est souvent consid\u00e9r\u00e9 comme allant de soi \u2013 ce qui est erron\u00e9 \u2013, l\u2019entreprise B-CLOSE lance la toute premi\u00e8re Journ\u00e9e nationale du cariste le 8 mai prochain. Ce jour-l\u00e0, le sp\u00e9cialiste belge des chariots \u00e9l\u00e9vateurs et des engins de manutention veut mettre \u00e0 l\u2019honneur le m\u00e9tier de cariste. \u00ab\u00a0Pendant la Journ\u00e9e du cariste, nous voulons exprimer notre gratitude \u00e0 tous les caristes pour le dur labeur qu\u2019ils accomplissent chaque jour\u00a0\u00bb, d\u00e9clare Kurt Boudt de B-CLOSE. \u00ab\u00a0C\u2019est le moment id\u00e9al pour r\u00e9fl\u00e9chir sur la valeur d\u2019un cariste qualifi\u00e9, pour une entreprise comme pour la soci\u00e9t\u00e9 en g\u00e9n\u00e9ral. C\u2019est une chose que le monde ext\u00e9rieur sous-estime souvent. Les caristes sont nombreux et omnipr\u00e9sents, mais ils travaillent le plus souvent dans les coulisses du secteur \u2013 dans des entrep\u00f4ts, des hangars ou des d\u00e9p\u00f4ts. Ils circulent et s\u2019affairent dans toutes les entreprises qui traitent des marchandises. Le consommateur ne les voit pas tr\u00e8s souvent, mais les caristes jouent un r\u00f4le primordial dans la chaine logistique.\u00a0\u00bb<\/p>\n<p>Avec la Journ\u00e9e du cariste, B-CLOSE entend \u00e9galement attirer l\u2019attention sur l\u2019importance d\u2019une formation de qualit\u00e9 pour ce m\u00e9tier. \u00ab\u00a0La conduite d\u2019un chariot \u00e9l\u00e9vateur peut para\u00eetre facile, mais ce n\u2019est pas du tout le cas, et ce travail s\u2019accompagne souvent d\u2019une foule de responsabilit\u00e9s. Les caristes jouent par exemple un r\u00f4le important dans la s\u00e9curit\u00e9 des entrep\u00f4ts et des d\u00e9p\u00f4ts. Le bon placement d\u2019un chargement dans un camion est lui aussi tr\u00e8s important pour la s\u00e9curit\u00e9 routi\u00e8re\u00a0\u00bb, explique Kurt Boudt. \u00ab\u00a0Les camions qui penchent d\u2019un c\u00f4t\u00e9 sur la route sont clairement mal charg\u00e9s, et en d\u00e9coule un risque que les palettes glissent dans l\u2019espace de chargement de la remorque, lorsque ces camions doivent freiner.\u00a0\u00bb<\/p>\n<p>\u00ab\u00a0C\u2019est pourquoi nous portons aujourd\u2019hui une attention suppl\u00e9mentaire \u00e0 l\u2019importance d\u2019une formation de qualit\u00e9 pour les caristes. Nous offrons nous-m\u00eames une bonne formation \u00e0 tous nos caristes, et nous voulons appeler toutes les entreprises \u00e0 en faire de m\u00eame pour leurs propres conducteurs.\u00a0\u00bb Le march\u00e9 propose des formations sp\u00e9cifiques pour d\u00e9butants et confirm\u00e9s sur diff\u00e9rents types de machines. Il est surtout important que chaque cariste ait re\u00e7u une formation th\u00e9orique et pratique au sujet du mat\u00e9riel et de son utilisation, des conditions de travail, des risques et des prescriptions g\u00e9n\u00e9rales de s\u00e9curit\u00e9. \u00ab\u00a0Bien que la conduite de ces chariots comporte des risques, ils constituent un formidable moyen de transport et instrument, indispensable dans toute entreprise qui traite des marchandises,\u00a0\u00bb conclut Kurt Boudt.<\/p>\n<p>&nbsp;<\/p>\n<h2 class=\"post-title\">\u00c0 propos de la Journ\u00e9e du cariste<\/h2>\n<p>La Journ\u00e9e nationale du cariste organis\u00e9e le 8 mai met \u00e0 l\u2019honneur tous les caristes qui, chaque jour en Belgique, effectuent un travail \u00e0 risques dans des d\u00e9lais tr\u00e8s serr\u00e9s et dans des conditions complexes et agit\u00e9es. La Journ\u00e9e du cariste a \u00e9t\u00e9 lanc\u00e9e pour la premi\u00e8re fois en 2019 par le sp\u00e9cialiste belge des chariots \u00e9l\u00e9vateurs B-CLOSE. Lors de la Journ\u00e9e du cariste, l\u2019attention se portera sur la valeur ajout\u00e9e des caristes qualifi\u00e9s pour le fonctionnement des entreprises et de la collectivit\u00e9, et sur l\u2019importance d\u2019une formation de qualit\u00e9 pour ces professionnels.[\/vc_column_text][vc_separator][vc_column_text]<\/p>\n<h3>S\u00c9LECTIONN\u00c9S POUR VOUS:<\/h3>\n<p>&gt; <a href=\"\/?p=17208\" target=\"_blank\" rel=\"noopener noreferrer\">Article: B-CLOSE met les conducteurs de chariot \u00e9l\u00e9vateur \u00e0 l\u2019honneur<\/a>[\/vc_column_text][\/vc_column][\/vc_row]<\/p>\n<\/div>","protected":false},"excerpt":{"rendered":"<p>[vc_row][vc_column][vc_column_text]Bruxelles, le 6 mai 2019 \u2013 Ces derni\u00e8res ann\u00e9es, le nombre d\u2019accidents impliquant des chariots \u00e9l\u00e9vateurs va croissant dans notre pays avec, dans certains cas m\u00eame, une issue fatale. Parall\u00e8lement, il y a actuellement plus de 2000 emplois vacants pour les postes de conducteur de chariot \u00e9l\u00e9vateur. Les caristes exercent un beau m\u00e9tier, mais qui [&hellip;]<\/p>\n","protected":false},"author":1,"featured_media":643,"comment_status":"closed","ping_status":"closed","sticky":false,"template":"","format":"standard","meta":{"_acf_changed":false,"footnotes":""},"categories":[119],"tags":[],"class_list":["post-2116","post","type-post","status-publish","format-standard","has-post-thumbnail","hentry","category-actualite-b-close-fr"],"acf":[],"_links":{"self":[{"href":"https:\/\/b-close.be\/fr\/wp-json\/wp\/v2\/posts\/2116","targetHints":{"allow":["GET"]}}],"collection":[{"href":"https:\/\/b-close.be\/fr\/wp-json\/wp\/v2\/posts"}],"about":[{"href":"https:\/\/b-close.be\/fr\/wp-json\/wp\/v2\/types\/post"}],"author":[{"embeddable":true,"href":"https:\/\/b-close.be\/fr\/wp-json\/wp\/v2\/users\/1"}],"replies":[{"embeddable":true,"href":"https:\/\/b-close.be\/fr\/wp-json\/wp\/v2\/comments?post=2116"}],"version-history":[{"count":1,"href":"https:\/\/b-close.be\/fr\/wp-json\/wp\/v2\/posts\/2116\/revisions"}],"predecessor-version":[{"id":13322,"href":"https:\/\/b-close.be\/fr\/wp-json\/wp\/v2\/posts\/2116\/revisions\/13322"}],"wp:featuredmedia":[{"embeddable":true,"href":"https:\/\/b-close.be\/fr\/wp-json\/wp\/v2\/media\/643"}],"wp:attachment":[{"href":"https:\/\/b-close.be\/fr\/wp-json\/wp\/v2\/media?parent=2116"}],"wp:term":[{"taxonomy":"category","embeddable":true,"href":"https:\/\/b-close.be\/fr\/wp-json\/wp\/v2\/categories?post=2116"},{"taxonomy":"post_tag","embeddable":true,"href":"https:\/\/b-close.be\/fr\/wp-json\/wp\/v2\/tags?post=2116"}],"curies":[{"name":"wp","href":"https:\/\/api.w.org\/{rel}","templated":true}]}}