{"id":19944,"date":"2026-09-01T06:40:51","date_gmt":"2026-09-01T06:40:51","guid":{"rendered":"https:\/\/b-close.be\/hoe-haalt-u-meer-uit-uw-interne-logistiek-ontdek-het-zelf-op-17-september\/"},"modified":"2026-09-01T07:21:20","modified_gmt":"2026-09-01T07:21:20","slug":"comment-optimiser-votre-logistique-interne-venez-le-decouvrir-par-vous-meme-le-17-septembre","status":"publish","type":"post","link":"https:\/\/b-close.be\/fr\/comment-optimiser-votre-logistique-interne-venez-le-decouvrir-par-vous-meme-le-17-septembre\/","title":{"rendered":"Comment optimiser votre logistique interne ? Venez le d\u00e9couvrir par vous-m\u00eame le 17 septembre !"},"content":{"rendered":"<div class=\"wpb-content-wrapper\" id=\"wpb-content-root\"><p>[vc_section css=\u00a0\u00bb.vc_custom_1775123790751{padding-top: 0px !important;padding-bottom: 0px !important;}\u00a0\u00bb][vc_row el_class=\u00a0\u00bbcontainer\u00a0\u00bb][vc_column][vc_column_text]Vous manquez d&rsquo;espace dans votre entrep\u00f4t ? Vos flux de marchandises pourraient-ils \u00eatre plus efficaces ? Ou vous souhaitez d\u00e9couvrir les nouvelles solutions disponibles aujourd&rsquo;hui en mati\u00e8re de manutention interne ? Le <strong>jeudi 17 septembre<\/strong>, lors du <strong>B-CLOSE Intralogistic Day 2026<\/strong>, vous aurez l&rsquo;occasion de d\u00e9couvrir et d&rsquo;exp\u00e9rimenter toutes les nouveaut\u00e9s. Des chariots \u00e9l\u00e9vateurs et chariots de magasinage aux tracteurs de terminal et autres solutions de manutention interne. Au cours de cette journ\u00e9e, vous aurez tout le temps n\u00e9cessaire pour comparer les solutions, poser des questions \u00e0 des experts et, surtout, identifier ce qui pourrait faire la diff\u00e9rence au sein de votre propre environnement logistique.[\/vc_column_text][\/vc_column][\/vc_row][\/vc_section][vc_row el_class=\u00a0\u00bbcontainer\u00a0\u00bb][vc_column][vc_column_text]<\/p>\n<h2>Une exp\u00e9rience concr\u00e8te en dit plus long qu\u2019une fiche technique<\/h2>\n<p>L\u2019une des attractions phares est la d\u00e9monstration d\u2019un chariot VNA, ou \u00ab Very Narrow Aisle \u00bb. Ce type de chariot pour all\u00e9es \u00e9troites a \u00e9t\u00e9 con\u00e7u pour travailler efficacement dans des all\u00e9es d\u2019entrep\u00f4t particuli\u00e8rement \u00e9troites et ainsi exploiter au maximum l\u2019espace de stockage disponible. Au cours de la d\u00e9monstration, vous verrez le chariot \u00e0 l&rsquo;\u0153uvre et aurez en outre l&rsquo;occasion de monter \u00e0 bord pour d\u00e9couvrir par vous-m\u00eame comment une telle solution fonctionne dans la pratique.<\/p>\n<p>Par ailleurs, lors de pr\u00e9sentations exclusives, vous d\u00e9couvrirez les derniers chariots \u00e9l\u00e9vateurs de <strong>Hyster et Yale<\/strong>, ainsi que les tracteurs de terminal de <strong>Blyyd et Mafi<\/strong>. Notre gamme d\u2019occasion, baptis\u00e9e B-CLOSE USED, sera \u00e9galement mise \u00e0 l\u2019honneur lors de cet \u00e9v\u00e9nement. Une occasion id\u00e9ale d\u2019examiner ces engins de pr\u00e8s et de d\u00e9couvrir ce que l\u2019occasion peut apporter \u00e0 votre entreprise.<\/p>\n<p>Entre-temps, vous aurez le temps d\u2019\u00e9changer vos exp\u00e9riences avec d\u2019autres professionnels du secteur, de poser des questions \u00e0 des sp\u00e9cialistes et, autour d\u2019un en-cas et d\u2019un verre, de discuter plus en d\u00e9tail des d\u00e9fis li\u00e9s \u00e0 votre logistique interne.[\/vc_column_text][\/vc_column][\/vc_row][vc_row el_class=\u00a0\u00bbcontainer\u00a0\u00bb][vc_column][vc_column_text]<\/p>\n<h2>Informations pratiques<\/h2>\n<p>Jeudi 17 septembre 2026<br \/>\nDe 12 h \u00e0 20 h<br \/>\nFabriek Logistiek, Gand<br \/>\nEntr\u00e9e gratuite sur <a href=\"https:\/\/b-close.be\/fr\/salons-intralogistiques-2026\/\">inscription<\/a>[\/vc_column_text][\/vc_column][\/vc_row][vc_section css=\u00a0\u00bb.vc_custom_1785824864962{padding-top: 35px !important;}\u00a0\u00bb el_class=\u00a0\u00bbdark\u00a0\u00bb el_id=\u00a0\u00bbcontact\u00a0\u00bb][vc_row el_class=\u00a0\u00bbcontainer\u00a0\u00bb][vc_column][vc_column_text css_animation=\u00a0\u00bbnone\u00a0\u00bb css=\u00a0\u00bb.vc_custom_1788247258149{margin-bottom: 20px !important;}\u00a0\u00bb]<\/p>\n<h2 style=\"text-align: center;\">Vous souhaitez savoir quelles solutions pourraient rendre votre logistique interne plus intelligente, plus efficace ou plus compacte ?<\/h2>\n<p style=\"text-align: center;\"><strong>Venez les d\u00e9couvrir par vous-m\u00eame le 17 septembre.<\/strong><\/p>\n<p>[\/vc_column_text]<div class=\"cta button\">\n\t\t\t\t\t<a href=\"\/fr\/salons-intralogistiques-2026\/\">Inscrivez-vous gratuitement<\/a>\n\t\t\t\t<\/div>[\/vc_column][\/vc_row][\/vc_section]<\/p>\n<\/div>","protected":false},"excerpt":{"rendered":"<p>[vc_section css=\u00a0\u00bb.vc_custom_1775123790751{padding-top: 0px !important;padding-bottom: 0px !important;}\u00a0\u00bb][vc_row el_class=\u00a0\u00bbcontainer\u00a0\u00bb][vc_column][vc_column_text]Vous manquez d&rsquo;espace dans votre entrep\u00f4t ? Vos flux de marchandises pourraient-ils \u00eatre plus efficaces ? Ou vous souhaitez d\u00e9couvrir les nouvelles solutions disponibles aujourd&rsquo;hui en mati\u00e8re de manutention interne ? Le jeudi 17 septembre, lors du B-CLOSE Intralogistic Day 2026, vous aurez l&rsquo;occasion de d\u00e9couvrir et d&rsquo;exp\u00e9rimenter toutes [&hellip;]<\/p>\n","protected":false},"author":8,"featured_media":16272,"comment_status":"closed","ping_status":"closed","sticky":false,"template":"","format":"standard","meta":{"_acf_changed":false,"footnotes":""},"categories":[1,12],"tags":[],"class_list":["post-19944","post","type-post","status-publish","format-standard","has-post-thumbnail","hentry","category-geen-onderdeel-van-een-categorie","category-blog"],"acf":[],"_links":{"self":[{"href":"https:\/\/b-close.be\/fr\/wp-json\/wp\/v2\/posts\/19944","targetHints":{"allow":["GET"]}}],"collection":[{"href":"https:\/\/b-close.be\/fr\/wp-json\/wp\/v2\/posts"}],"about":[{"href":"https:\/\/b-close.be\/fr\/wp-json\/wp\/v2\/types\/post"}],"author":[{"embeddable":true,"href":"https:\/\/b-close.be\/fr\/wp-json\/wp\/v2\/users\/8"}],"replies":[{"embeddable":true,"href":"https:\/\/b-close.be\/fr\/wp-json\/wp\/v2\/comments?post=19944"}],"version-history":[{"count":4,"href":"https:\/\/b-close.be\/fr\/wp-json\/wp\/v2\/posts\/19944\/revisions"}],"predecessor-version":[{"id":19949,"href":"https:\/\/b-close.be\/fr\/wp-json\/wp\/v2\/posts\/19944\/revisions\/19949"}],"wp:featuredmedia":[{"embeddable":true,"href":"https:\/\/b-close.be\/fr\/wp-json\/wp\/v2\/media\/16272"}],"wp:attachment":[{"href":"https:\/\/b-close.be\/fr\/wp-json\/wp\/v2\/media?parent=19944"}],"wp:term":[{"taxonomy":"category","embeddable":true,"href":"https:\/\/b-close.be\/fr\/wp-json\/wp\/v2\/categories?post=19944"},{"taxonomy":"post_tag","embeddable":true,"href":"https:\/\/b-close.be\/fr\/wp-json\/wp\/v2\/tags?post=19944"}],"curies":[{"name":"wp","href":"https:\/\/api.w.org\/{rel}","templated":true}]}}